{"id":1884,"date":"2021-04-06T15:23:44","date_gmt":"2021-04-06T18:23:44","guid":{"rendered":"http:\/\/www.ppgeb.cap.uerj.br\/?p=1884"},"modified":"2025-11-28T15:51:04","modified_gmt":"2025-11-28T18:51:04","slug":"processo-seletivo-2021","status":"publish","type":"post","link":"https:\/\/www.ppgeb.cap.uerj.br\/?p=1884","title":{"rendered":"Processo Seletivo 2021"},"content":{"rendered":"<h2 class=\"entry-title\">SELE\u00c7\u00c3O ALUNO ESPECIAL DE DISCIPLINA ISOLADA 2021.2<\/h2>\n<ul>\n<li><a href=\"http:\/\/www.ppgeb.cap.uerj.br\/wp-content\/uploads\/2021\/08\/RESULTADO-DISCIPLINA-ISOLADA-2021.2-definitivo.pdf\" target=\"_blank\" rel=\"noopener\">Resultado da Sele\u00e7\u00e3o\u00a0Aluno Especial de Disciplina Isolada 2021.2<\/a><\/li>\n<li><a href=\"https:\/\/www.cap.uerj.br\/ppgeb\/edital-mestrado-ppgeb-cap-uerj-selecao-para-aluno-especial-de-disciplina-isolada-2021-2rev.pdf\" target=\"_blank\" rel=\"noopener\">Edital de Sele\u00e7\u00e3o Aluno Especial de Disciplina Isolada 2021.2<\/a><\/li>\n<li><span style=\"color: #953735; font-weight: 600;\">Link para realiza\u00e7\u00e3o das inscri\u00e7\u00f5es: <a href=\"https:\/\/forms.gle\/F91br4s4p5wPchg69\" target=\"_blank\" rel=\"noopener\">https:\/\/forms.gle\/F91br4s4p5wPchg69<\/a><\/span><\/li>\n<\/ul>\n<p>&nbsp;<\/p>\n<h2 class=\"entry-title\">SELE\u00c7\u00c3O MESTRADO TURMA 2021:<\/h2>\n<ul>\n<li><a href=\"http:\/\/www.ppgeb.cap.uerj.br\/wp-content\/uploads\/2022\/08\/Resultado-da-prova-de-lingua-estrangeira-realizada-em-25-de-agosto-de-2022-Processos-Seletivos-2021-e-2022.pdf\" target=\"_blank\" rel=\"noopener\">Resultado da prova de l\u00edngua estrangeira realizada no dia 25\/08\/2022<\/a><\/li>\n<li><a href=\"http:\/\/www.ppgeb.cap.uerj.br\/wp-content\/uploads\/2021\/09\/2-reclassficacao-processo-seletivo-turma-2021.pdf\" target=\"_blank\" rel=\"noopener\">2\u00aa Reclassifica\u00e7\u00e3o <\/a><\/li>\n<li><a href=\"http:\/\/www.ppgeb.cap.uerj.br\/wp-content\/uploads\/2021\/08\/1-reclassficacao-processo-seletivo-turma-2021.pdf\" target=\"_blank\" rel=\"noopener\">1\u00aa Reclassifica\u00e7\u00e3o<\/a><\/li>\n<li><a href=\"https:\/\/www.cap.uerj.br\/ppgeb\/resultado-final-processo-seletivo-2021-turma-2021-2.pdf\" target=\"_blank\" rel=\"noopener\">Resultado final<\/a><\/li>\n<li><a href=\"https:\/\/www.cap.uerj.br\/ppgeb\/resultado-final-preliminar-processo-seletivo-2021-turma-2021-site 19082021.pdf\" target=\"_blank\" rel=\"noopener\">Resultado final preliminar<\/a><\/li>\n<li><a href=\"https:\/\/www.cap.uerj.br\/ppgeb\/processo-seletivo-2021-resultado-arguicao-plano-de-esutdos-site.pdf\" target=\"_blank\" rel=\"noopener\">Resultado da argui\u00e7\u00e3o do plano de estudos<\/a><\/li>\n<li><a href=\"https:\/\/www.cap.uerj.br\/ppgeb\/ERRATA-N-002-EDITAL-2021rev.pdf\" target=\"_blank\" rel=\"noopener\">Errata 002 Edital Processo Seletivo 2021<\/a><\/li>\n<li><a href=\"https:\/\/www.cap.uerj.br\/ppgeb\/Resultado%20do%20recurso%20da%20an%C3%A1lise%20de%20documenta%C3%A7%C3%A3o%20comprobat%C3%B3ria%20(vaga%20de%20cotista).pdf\" target=\"_blank\" rel=\"noopener\">Resultado do recurso da an\u00e1lise de documenta\u00e7\u00e3o comprobat\u00f3ria (vaga de cotista)<\/a><\/li>\n<li><a href=\"http:\/\/www.ppgeb.cap.uerj.br\/wp-content\/uploads\/2021\/07\/Resultado-analise-de-documentacao-comprobatoria-vaga-de-cotista.pdf\" target=\"_blank\" rel=\"noopener\">Resultado an\u00e1lise de documenta\u00e7\u00e3o comprobat\u00f3ria (vaga de cotista)<\/a><\/li>\n<li><a href=\"http:\/\/www.ppgeb.cap.uerj.br\/wp-content\/uploads\/2021\/07\/2\u00aa-Remarca\u00e7\u00e3o-das-argui\u00e7\u00f5es-remotas-Processo-Seletivo-PPGEB-Turma-2021.pdf\" target=\"_blank\" rel=\"noopener\">Remarca\u00e7\u00e3o de data, hor\u00e1rio e link para acesso a Plataforma de videoconfer\u00eancia a ser utilizada para Argui\u00e7\u00e3o do Plano de Estudos &#8211; 02<\/a><\/li>\n<li><a href=\"http:\/\/www.ppgeb.cap.uerj.br\/wp-content\/uploads\/2021\/07\/Remarcacao-das-arguicoes-remotas-Processo-Seletivo-PPGEB-Turma-2021.pdf\" target=\"_blank\" rel=\"noopener\">Remarca\u00e7\u00e3o de data, hor\u00e1rio e link para acesso a Plataforma de videoconfer\u00eancia a ser utilizada para Argui\u00e7\u00e3o do Plano de Estudos<\/a><\/li>\n<li><a href=\"http:\/\/www.ppgeb.cap.uerj.br\/wp-content\/uploads\/2021\/06\/Divulgacao-de-data-horario-e-link-para-acesso-a-Plataforma-de-video-conferencia-a-ser-utilizada-para-Argucao-do-Plano-de-Estudos.pdf\" target=\"_blank\" rel=\"noopener\">Divulga\u00e7\u00e3o da data, hor\u00e1rio e link para acesso a Plataforma de videoconfer\u00eancia a ser utilizada para Argui\u00e7\u00e3o do Plano de Estudos<\/a><\/li>\n<li><a href=\"http:\/\/www.ppgeb.cap.uerj.br\/wp-content\/uploads\/2021\/06\/Resultado-do-Recurso-da-Analise-do-Plano-de-Estudos-Processo-Seletivo-Turma-2021.pdf\" target=\"_blank\" rel=\"noopener\">Resultado do Recurso da An\u00e1lise do Plano de Estudos<\/a><\/li>\n<li><a href=\"http:\/\/www.ppgeb.cap.uerj.br\/wp-content\/uploads\/2021\/06\/Resultado-da-An\u00e1lise-do-Plano-de-Estudos-Processo-Seletivo-Turma-2021.pdf\" target=\"_blank\" rel=\"noopener\">Resultado da An\u00e1lise do Plano de Estudos<\/a><\/li>\n<li><a href=\"http:\/\/www.ppgeb.cap.uerj.br\/wp-content\/uploads\/2021\/05\/Resultado-Recurso-da-Inscri\u00e7\u00e3o-2021.pdf\" target=\"_blank\" rel=\"noopener\">Resultado do Recurso da Inscri\u00e7\u00e3o <\/a><\/li>\n<li><a href=\"http:\/\/www.ppgeb.cap.uerj.br\/wp-content\/uploads\/2021\/05\/Resultado-da-Inscri\u00e7\u00e3o-2021.pdf\" target=\"_blank\" rel=\"noopener\">Resultado da Inscri\u00e7\u00e3o<\/a><\/li>\n<li><a href=\"http:\/\/www.ppgeb.cap.uerj.br\/wp-content\/uploads\/2021\/04\/Educacao-basica-Edital-Sele\u00e7\u00e3o-Mestrado-06042021.pdf\" target=\"_blank\" rel=\"noopener\">Edital Processo Seletivo 2021<\/a><\/li>\n<li><a href=\"http:\/\/www.ppgeb.cap.uerj.br\/wp-content\/uploads\/2021\/04\/Errata-Edital-Processo-Seletivo-2021.pdf\" target=\"_blank\" rel=\"noopener\">Errata Edital Processo Seletivo 2021 <\/a><\/li>\n<li><a href=\"https:\/\/www.cepuerj.uerj.br\/cursos2.php?tipo=cursos&amp;curso=E00040&amp;ano=2021 \" target=\"_blank\" rel=\"noopener\">Emiss\u00e3o de boleto <\/a><\/li>\n<li><a href=\"https:\/\/docs.google.com\/forms\/d\/e\/1FAIpQLScjvHa0-DrqAR5jsokmReAHWaExTtVKP4R3IxePOu_UNu4VPw\/viewform?usp=pp_url\" target=\"_blank\" rel=\"noopener\">Inscri\u00e7\u00e3o Processo Seletivo 2021 &#8211; A partir do dia 07 de abril de 2021 <\/a><\/li>\n<\/ul>\n<p>&nbsp;<\/p>\n<h3><strong>ATEN\u00c7\u00c3O<\/strong><\/h3>\n<p><strong>Matr\u00edcula dos candidatos classificados &#8211; orienta\u00e7\u00f5es <a href=\"http:\/\/www.ppgeb.cap.uerj.br\/wp-content\/uploads\/2021\/08\/orientacao-matricula-rev.pdf\" target=\"_blank\" rel=\"noopener\">clique aqui<\/a><\/strong><\/p>\n<p><strong>A Comiss\u00e3o de Sele\u00e7\u00e3o resolve, de acordo com o disposto no item 11.2 do Edital de sele\u00e7\u00e3o, ampliar o n\u00famero de vagas para a turma 2021\/2, que passa a ser de 38 estudantes no curso de Mestrado Profissional do Programa de P\u00f3s-gradua\u00e7\u00e3o em Ensino em Educa\u00e7\u00e3o B\u00e1sica.<\/strong><\/p>\n<p><strong>Para consultar o n\u00famero de inscri\u00e7\u00e3o <a href=\"http:\/\/www.ppgeb.cap.uerj.br\/wp-content\/uploads\/2021\/05\/N\u00famero-da-inscri\u00e7\u00e3o-dos-candidatos-processo-seletivo-PPGEB-2021.pdf\" target=\"_blank\" rel=\"noopener\">clique aqui<\/a>.<\/strong><\/p>\n<p><strong>A inscri\u00e7\u00e3o deve ser finalizada at\u00e9 \u00e0s 17h00min do dia 30\/04\/2021 conforme consta no item 3.1 do <a href=\"http:\/\/www.ppgeb.cap.uerj.br\/wp-content\/uploads\/2021\/04\/Educacao-basica-Edital-Sele\u00e7\u00e3o-Mestrado-06042021.pdf\" target=\"_blank\" rel=\"noopener\">Edital de sele\u00e7\u00e3o<\/a>.<\/strong><\/p>\n<p><strong>Mais informa\u00e7\u00f5es:<\/strong><br \/>\n<strong> Comiss\u00e3o de Sele\u00e7\u00e3o &#8211; selecao.ppgeb@gmail.com<\/strong><\/p>\n","protected":false},"excerpt":{"rendered":"<p>SELE\u00c7\u00c3O ALUNO ESPECIAL DE DISCIPLINA ISOLADA 2021.2 Resultado da Sele\u00e7\u00e3o\u00a0Aluno Especial de Disciplina Isolada 2021.2 Edital de Sele\u00e7\u00e3o Aluno Especial de Disciplina Isolada 2021.2 Link para realiza\u00e7\u00e3o das inscri\u00e7\u00f5es: https:\/\/forms.gle\/F91br4s4p5wPchg69 &nbsp; SELE\u00c7\u00c3O MESTRADO TURMA 2021: Resultado da prova de l\u00edngua <a href=\"https:\/\/www.ppgeb.cap.uerj.br\/?p=1884\" class=\"read-more\">Leia mais&#8230;<\/a><\/p>\n","protected":false},"author":7,"featured_media":0,"comment_status":"closed","ping_status":"closed","sticky":false,"template":"","format":"standard","meta":{"footnotes":""},"categories":[9],"tags":[],"class_list":["post-1884","post","type-post","status-publish","format-standard","hentry","category-servico"],"_links":{"self":[{"href":"https:\/\/www.ppgeb.cap.uerj.br\/index.php?rest_route=\/wp\/v2\/posts\/1884","targetHints":{"allow":["GET"]}}],"collection":[{"href":"https:\/\/www.ppgeb.cap.uerj.br\/index.php?rest_route=\/wp\/v2\/posts"}],"about":[{"href":"https:\/\/www.ppgeb.cap.uerj.br\/index.php?rest_route=\/wp\/v2\/types\/post"}],"author":[{"embeddable":true,"href":"https:\/\/www.ppgeb.cap.uerj.br\/index.php?rest_route=\/wp\/v2\/users\/7"}],"replies":[{"embeddable":true,"href":"https:\/\/www.ppgeb.cap.uerj.br\/index.php?rest_route=%2Fwp%2Fv2%2Fcomments&post=1884"}],"version-history":[{"count":47,"href":"https:\/\/www.ppgeb.cap.uerj.br\/index.php?rest_route=\/wp\/v2\/posts\/1884\/revisions"}],"predecessor-version":[{"id":4228,"href":"https:\/\/www.ppgeb.cap.uerj.br\/index.php?rest_route=\/wp\/v2\/posts\/1884\/revisions\/4228"}],"wp:attachment":[{"href":"https:\/\/www.ppgeb.cap.uerj.br\/index.php?rest_route=%2Fwp%2Fv2%2Fmedia&parent=1884"}],"wp:term":[{"taxonomy":"category","embeddable":true,"href":"https:\/\/www.ppgeb.cap.uerj.br\/index.php?rest_route=%2Fwp%2Fv2%2Fcategories&post=1884"},{"taxonomy":"post_tag","embeddable":true,"href":"https:\/\/www.ppgeb.cap.uerj.br\/index.php?rest_route=%2Fwp%2Fv2%2Ftags&post=1884"}],"curies":[{"name":"wp","href":"https:\/\/api.w.org\/{rel}","templated":true}]}}